{"id":287,"date":"2012-08-07T20:04:58","date_gmt":"2012-08-07T18:04:58","guid":{"rendered":"http:\/\/fischenicher-schuetzen.de\/?p=287"},"modified":"2012-08-07T20:21:02","modified_gmt":"2012-08-07T18:21:02","slug":"die-schutzen-zu-gast-bei-der-scuderia-augustusburg-bruhl","status":"publish","type":"post","link":"https:\/\/www.fischenicher-schuetzen.de\/?p=287","title":{"rendered":"Die Sch\u00fctzen zu Gast bei der Scuderia Augustusburg Br\u00fchl"},"content":{"rendered":"<p><a href=\"http:\/\/fischenicher-schuetzen.de\/wp-content\/uploads\/2012\/08\/DSCF1815.jpg\"><img fetchpriority=\"high\" decoding=\"async\" class=\"alignnone size-medium wp-image-291\" title=\"DSCF1815\" src=\"http:\/\/fischenicher-schuetzen.de\/wp-content\/uploads\/2012\/08\/DSCF1815-300x225.jpg\" alt=\"\" width=\"300\" height=\"225\" srcset=\"https:\/\/www.fischenicher-schuetzen.de\/wp-content\/uploads\/2012\/08\/DSCF1815-300x225.jpg 300w, https:\/\/www.fischenicher-schuetzen.de\/wp-content\/uploads\/2012\/08\/DSCF1815.jpg 640w\" sizes=\"(max-width: 300px) 100vw, 300px\" \/><\/a>Am 28. und 29.07.2012 veranstaltete die Scuderia Augustusburg Br\u00fchl den 24. BTV\/ ADAC Slalom auf dem Parkplatz am Eisenwerk in Br\u00fchl.<\/p>\n<p>Wie schon in den vergangenen Jahren unterst\u00fctzten die Sch\u00fctzen aus Fischenich wieder die Veranstaltung und sorgten mit einem Grillstand, Bratkartoffeln und Reibekuchen f\u00fcr das leibliche Wohl der Akteure.<\/p>\n<p>Bei der Gelegenheit durfte unser j\u00fcngster Sch\u00fctze Thomas Harmuth auch einmal Rennluft schnuppern.<\/p>\n<p>Auf dem Sozius eines Quadts fuhr er einige Runden auf dem Slalomparkur und f\u00fchlte sich wie Michael Schumacher in jungen Jahren.<\/p>\n","protected":false},"excerpt":{"rendered":"<p>Am 28. und 29.07.2012 veranstaltete die Scuderia Augustusburg Br\u00fchl den 24. BTV\/ ADAC Slalom auf dem Parkplatz am Eisenwerk in Br\u00fchl. Wie schon in den vergangenen Jahren unterst\u00fctzten die Sch\u00fctzen aus Fischenich wieder die Veranstaltung und sorgten mit einem Grillstand, Bratkartoffeln und Reibekuchen f\u00fcr das leibliche Wohl der Akteure. Bei der Gelegenheit durfte unser j\u00fcngster&hellip;&nbsp;<a href=\"https:\/\/www.fischenicher-schuetzen.de\/?p=287\" rel=\"bookmark\">Weiterlesen &raquo;<span class=\"screen-reader-text\">Die Sch\u00fctzen zu Gast bei der Scuderia Augustusburg Br\u00fchl<\/span><\/a><\/p>\n","protected":false},"author":17,"featured_media":0,"comment_status":"open","ping_status":"open","sticky":false,"template":"","format":"standard","meta":{"neve_meta_sidebar":"","neve_meta_container":"","neve_meta_enable_content_width":"","neve_meta_content_width":0,"neve_meta_title_alignment":"","neve_meta_author_avatar":"","neve_post_elements_order":"","neve_meta_disable_header":"","neve_meta_disable_footer":"","neve_meta_disable_title":"","footnotes":""},"categories":[1],"tags":[],"class_list":["post-287","post","type-post","status-publish","format-standard","hentry","category-allgemein"],"_links":{"self":[{"href":"https:\/\/www.fischenicher-schuetzen.de\/index.php?rest_route=\/wp\/v2\/posts\/287","targetHints":{"allow":["GET"]}}],"collection":[{"href":"https:\/\/www.fischenicher-schuetzen.de\/index.php?rest_route=\/wp\/v2\/posts"}],"about":[{"href":"https:\/\/www.fischenicher-schuetzen.de\/index.php?rest_route=\/wp\/v2\/types\/post"}],"author":[{"embeddable":true,"href":"https:\/\/www.fischenicher-schuetzen.de\/index.php?rest_route=\/wp\/v2\/users\/17"}],"replies":[{"embeddable":true,"href":"https:\/\/www.fischenicher-schuetzen.de\/index.php?rest_route=%2Fwp%2Fv2%2Fcomments&post=287"}],"version-history":[{"count":0,"href":"https:\/\/www.fischenicher-schuetzen.de\/index.php?rest_route=\/wp\/v2\/posts\/287\/revisions"}],"wp:attachment":[{"href":"https:\/\/www.fischenicher-schuetzen.de\/index.php?rest_route=%2Fwp%2Fv2%2Fmedia&parent=287"}],"wp:term":[{"taxonomy":"category","embeddable":true,"href":"https:\/\/www.fischenicher-schuetzen.de\/index.php?rest_route=%2Fwp%2Fv2%2Fcategories&post=287"},{"taxonomy":"post_tag","embeddable":true,"href":"https:\/\/www.fischenicher-schuetzen.de\/index.php?rest_route=%2Fwp%2Fv2%2Ftags&post=287"}],"curies":[{"name":"wp","href":"https:\/\/api.w.org\/{rel}","templated":true}]}}